{"id":8747,"date":"2017-03-18T20:13:52","date_gmt":"2017-03-18T19:13:52","guid":{"rendered":"http:\/\/absi.ch\/new\/?p=8747"},"modified":"2017-03-18T20:13:52","modified_gmt":"2017-03-18T19:13:52","slug":"iii-quaresima-19-marzo-2017","status":"publish","type":"post","link":"https:\/\/absi.ch\/new\/2017\/03\/iii-quaresima-19-marzo-2017\/","title":{"rendered":"III QUARESIMA \u2013 19 marzo 2017"},"content":{"rendered":"<p>[layout][layout_group][one_fourth]<\/p>\n<h3 style=\"text-align: center;\">SORGENTE DI ACQUA CHE ZAMPILLA PER LA VITA ETERNA<\/h3>\n<p style=\"text-align: center;\">&#8212;&#8212;&#8212;&#8212;&#8212;&#8212;&#8212;&#8212;&#8212;&#8212;&#8212;&#8212;&#8212;&#8212;&#8212;&#8212;&#8212;&#8212;&#8212;&#8212;&#8212;&#8212;&#8212;&#8212;&#8212;&#8212;&#8212;&#8212;&#8212;&#8212;&#8212;&#8212;&#8212;&#8212;&#8212;&#8212;&#8212;&#8212;&#8211;<\/p>\n<p><a href=\"http:\/\/absi.ch\/new\/wp-content\/uploads\/2017\/03\/Gra\u0308ser_JesusUndDieSamariterin_detail.jpg\"><img loading=\"lazy\" decoding=\"async\" class=\"size-full wp-image-8748 aligncenter\" alt=\"Gra\u0308ser_JesusUndDieSamariterin_detail\" src=\"http:\/\/absi.ch\/new\/wp-content\/uploads\/2017\/03\/Gra\u0308ser_JesusUndDieSamariterin_detail.jpg\" width=\"555\" height=\"416\" srcset=\"https:\/\/absi.ch\/new\/wp-content\/uploads\/2017\/03\/Gra\u0308ser_JesusUndDieSamariterin_detail.jpg 555w, https:\/\/absi.ch\/new\/wp-content\/uploads\/2017\/03\/Gra\u0308ser_JesusUndDieSamariterin_detail-300x224.jpg 300w, https:\/\/absi.ch\/new\/wp-content\/uploads\/2017\/03\/Gra\u0308ser_JesusUndDieSamariterin_detail-249x187.jpg 249w, https:\/\/absi.ch\/new\/wp-content\/uploads\/2017\/03\/Gra\u0308ser_JesusUndDieSamariterin_detail-528x396.jpg 528w, https:\/\/absi.ch\/new\/wp-content\/uploads\/2017\/03\/Gra\u0308ser_JesusUndDieSamariterin_detail-498x374.jpg 498w\" sizes=\"auto, (max-width: 555px) 100vw, 555px\" \/><\/a><\/p>\n<p>&nbsp;<\/p>\n<h5 style=\"text-align: center;\">Ges\u00f9 e la Samaritana<\/h5>\n<p style=\"text-align: center;\"><em><a title=\"Link esterno\" href=\"http:\/\/www.gusto-graeser.info\/Ernst_Graeser\/Malerei%202%20Oelgemaelde\/oelgemaelde-index.html\" target=\"_blank\">Emil Gr\u00e4ser (1884-1944)<\/a><br \/>\n<\/em><\/p>\n<p>[\/one_fourth][one_fourth]III QUARESIMA \u2013 19 marzo 2017<\/p>\n<p>Gv 4, 5-42<\/p>\n<p>[In quel tempo Ges\u00f9] giunse a una citt\u00e0 della Samar\u00eca chiamata Sicar, vicina al terreno che Giacobbe aveva dato a Giuseppe suo figlio: qui c\u2019era un pozzo di Giacobbe. Ges\u00f9 dunque, affaticato per il viaggio, sedeva presso il pozzo. Era circa mezzogiorno. Giunge una donna samaritana ad attingere acqua. Le dice Ges\u00f9: \u00abDammi da bere\u00bb. I suoi discepoli erano andati in citt\u00e0 a fare provvista di cibi. Allora la donna samaritana gli dice: \u00abCome mai tu, che sei giudeo, chiedi da bere a me, che sono una donna samaritana?\u00bb. I Giudei infatti non hanno rapporti con i Samaritani.<br \/>\nGes\u00f9 le risponde: \u00abSe tu conoscessi il dono di Dio e chi \u00e8 colui che ti dice: \u201cDammi da bere!\u201d, tu avresti chiesto a lui ed egli ti avrebbe dato acqua viva\u00bb. Gli dice la donna: \u00abSignore, non hai un secchio e il pozzo \u00e8 profondo; da dove prendi dunque quest\u2019acqua viva? Sei tu forse pi\u00f9 grande del nostro padre Giacobbe, che ci diede il pozzo e ne bevve lui con i suoi figli e il suo bestiame?\u00bb.<br \/>\nGes\u00f9 le risponde: \u00abChiunque beve di quest\u2019acqua avr\u00e0 di nuovo sete; ma chi berr\u00e0 dell\u2019acqua che io gli dar\u00f2, non avr\u00e0 pi\u00f9 sete in eterno. Anzi, l\u2019acqua che io gli dar\u00f2 diventer\u00e0 in lui una sorgente d\u2019acqua che zampilla per la vita eterna\u00bb. \u00abSignore \u2013 gli dice la donna \u2013, dammi quest\u2019acqua, perch\u00e9 io non abbia pi\u00f9 sete e non continui a venire qui ad attingere acqua\u00bb. Le dice: \u00abVa\u2019 a chiamare tuo marito e ritorna qui\u00bb. Gli risponde la donna: \u00abIo non ho marito\u00bb. Le dice Ges\u00f9: \u00abHai detto bene: \u201cIo non ho marito\u201d. Infatti hai avuto cinque mariti e quello che hai ora non \u00e8 tuo marito; in questo hai detto il vero\u00bb.<br \/>\nGli replica la donna: \u00abSignore, vedo che tu sei un profeta! I nostri padri hanno adorato su questo monte; voi invece dite che \u00e8 a Gerusalemme il luogo in cui bisogna adorare\u00bb. Ges\u00f9 le dice: \u00abCredimi, donna, viene l\u2019ora in cui n\u00e9 su questo monte n\u00e9 a Gerusalemme adorerete il Padre. Voi adorate ci\u00f2 che non conoscete, noi adoriamo ci\u00f2 che conosciamo, perch\u00e9 la salvezza viene dai Giudei. Ma viene l\u2019ora \u2013 ed \u00e8 questa \u2013 in cui i veri adoratori adoreranno il Padre in spirito e verit\u00e0: cos\u00ec infatti il Padre vuole che siano quelli che lo adorano. Dio \u00e8 spirito, e quelli che lo adorano devono adorare in spirito e verit\u00e0\u00bb. Gli rispose la donna: \u00abSo che deve venire il Messia, chiamato Cristo: quando egli verr\u00e0, ci annuncer\u00e0 ogni cosa\u00bb. Le dice Ges\u00f9: \u00abSono io, che parlo con te\u00bb.<br \/>\nIn quel momento giunsero i suoi discepoli e si meravigliavano che parlasse con una donna.<\/p>\n<p>&nbsp;<\/p>\n<p>[\/one_fourth][one_fourth]Nessuno tuttavia disse: \u00abChe cosa cerchi?\u00bb, o: \u00abDi che cosa parli con lei?\u00bb. La donna intanto lasci\u00f2 la sua anfora, and\u00f2 in citt\u00e0 e disse alla gente: \u00abVenite a vedere un uomo che mi ha detto tutto quello che ho fatto. Che sia lui il Cristo?\u00bb. Uscirono dalla citt\u00e0 e andavano da lui. Intanto i discepoli lo pregavano: \u00abRabb\u00ec, mangia\u00bb. Ma egli rispose loro: \u00abIo ho da mangiare un cibo che voi non conoscete\u00bb.<br \/>\nE i discepoli si domandavano l\u2019un l\u2019altro: \u00abQualcuno gli ha forse portato da mangiare?\u00bb. Ges\u00f9 disse loro: \u00abIl mio cibo \u00e8 fare la volont\u00e0 di colui che mi ha mandato e compiere la sua opera. Voi non dite forse: ancora quattro mesi e poi viene la mietitura? Ecco, io vi dico: alzate i vostri occhi e guardate i campi che gi\u00e0 biondeggiano per la mietitura. Chi miete riceve il salario e raccoglie frutto per la vita eterna, perch\u00e9 chi semina gioisca insieme a chi miete. In questo infatti si dimostra vero il proverbio: uno semina e l\u2019altro miete. Io vi ho mandati a mietere ci\u00f2 per cui non avete faticato; altri hanno faticato e voi siete subentrati nella loro fatica\u00bb.<br \/>\nMolti Samaritani di quella citt\u00e0 credettero in lui per la parola della donna, che testimoniava: \u00abMi ha detto tutto quello che ho fatto\u00bb. E quando i Samaritani giunsero da lui, lo pregavano di rimanere da loro ed egli rimase l\u00e0 due giorni. Molti di pi\u00f9 credettero per la sua parola e alla donna dicevano: \u00abNon \u00e8 pi\u00f9 per i tuoi discorsi che noi crediamo, ma perch\u00e9 noi stessi abbiamo udito e sappiamo che questi \u00e8 veramente il salvatore del mondo\u00bb.<\/p>\n<p><em>Commento al Vangelo (pdf) di:<\/em><\/p>\n<p><a href=\"http:\/\/absi.ch\/new\/wp-content\/uploads\/2017\/03\/III-QUARESIMA_Anno-A-2016-2017_Castillo.pdf\" target=\"_blank\">&gt; p. Jos\u00e9 Maria Castillo<\/a><\/p>\n<p><a href=\"http:\/\/absi.ch\/new\/wp-content\/uploads\/2017\/03\/22.-19-marzo-2017-III-Quaresima-Gv-45-421.pdf\" target=\"_blank\">&gt; don Gennaro Lamuro<\/a><\/p>\n<p><a href=\"http:\/\/absi.ch\/new\/wp-content\/uploads\/2017\/03\/III-Quar-19.3.2017.pdf\" target=\"_blank\">&gt; p. Alberto Maggi<\/a><\/p>\n<p>&nbsp;<\/p>\n<p><a href=\"http:\/\/absi.ch\/new\/commento-al-vangelo-2017\/\"><em>&gt; sommario Commento al Vangelo 2017<\/em><\/a><\/p>\n<p>[\/one_fourth][one_fourth][\/one_fourth][one_fourth][\/one_fourth][\/layout_group][\/layout]<\/p>\n<div id=\"themify_builder_content-8747\" data-postid=\"8747\" class=\"themify_builder_content themify_builder_content-8747 themify_builder\">\n    <\/div>\n<!-- \/themify_builder_content -->\n","protected":false},"excerpt":{"rendered":"<p>[layout][layout_group][one_fourth] SORGENTE DI ACQUA CHE ZAMPILLA PER LA VITA ETERNA &#8212;&#8212;&#8212;&#8212;&#8212;&#8212;&#8212;&#8212;&#8212;&#8212;&#8212;&#8212;&#8212;&#8212;&#8212;&#8212;&#8212;&#8212;&#8212;&#8212;&#8212;&#8212;&#8212;&#8212;&#8212;&#8212;&#8212;&#8212;&#8212;&#8212;&#8212;&#8212;&#8212;&#8212;&#8212;&#8212;&#8212;&#8212;&#8211; &nbsp; Ges\u00f9 e la Samaritana Emil Gr\u00e4ser (1884-1944) [\/one_fourth][one_fourth]III QUARESIMA \u2013 19 marzo 2017 Gv 4, 5-42 [In quel tempo Ges\u00f9] giunse a una citt\u00e0 della Samar\u00eca chiamata Sicar, vicina al terreno che Giacobbe aveva dato a Giuseppe suo figlio: qui c\u2019era un pozzo [&hellip;]<\/p>\n","protected":false},"author":1,"featured_media":349,"comment_status":"closed","ping_status":"open","sticky":false,"template":"","format":"standard","meta":{"footnotes":""},"categories":[29,111],"tags":[91,30,73],"class_list":["post-8747","post","type-post","status-publish","format-standard","has-post-thumbnail","hentry","category-vangelo","category-commento-al-vangelo-2017","tag-d-gennaro-lamuro","tag-p-alberto-maggi","tag-p-jose-maria-castillo","has-post-title","no-post-date","has-post-category","has-post-tag","has-post-comment","has-post-author",""],"builder_content":"","_links":{"self":[{"href":"https:\/\/absi.ch\/new\/wp-json\/wp\/v2\/posts\/8747","targetHints":{"allow":["GET"]}}],"collection":[{"href":"https:\/\/absi.ch\/new\/wp-json\/wp\/v2\/posts"}],"about":[{"href":"https:\/\/absi.ch\/new\/wp-json\/wp\/v2\/types\/post"}],"author":[{"embeddable":true,"href":"https:\/\/absi.ch\/new\/wp-json\/wp\/v2\/users\/1"}],"replies":[{"embeddable":true,"href":"https:\/\/absi.ch\/new\/wp-json\/wp\/v2\/comments?post=8747"}],"version-history":[{"count":4,"href":"https:\/\/absi.ch\/new\/wp-json\/wp\/v2\/posts\/8747\/revisions"}],"predecessor-version":[{"id":9732,"href":"https:\/\/absi.ch\/new\/wp-json\/wp\/v2\/posts\/8747\/revisions\/9732"}],"wp:featuredmedia":[{"embeddable":true,"href":"https:\/\/absi.ch\/new\/wp-json\/wp\/v2\/media\/349"}],"wp:attachment":[{"href":"https:\/\/absi.ch\/new\/wp-json\/wp\/v2\/media?parent=8747"}],"wp:term":[{"taxonomy":"category","embeddable":true,"href":"https:\/\/absi.ch\/new\/wp-json\/wp\/v2\/categories?post=8747"},{"taxonomy":"post_tag","embeddable":true,"href":"https:\/\/absi.ch\/new\/wp-json\/wp\/v2\/tags?post=8747"}],"curies":[{"name":"wp","href":"https:\/\/api.w.org\/{rel}","templated":true}]}}