{"id":8860,"date":"2017-04-02T23:41:37","date_gmt":"2017-04-02T21:41:37","guid":{"rendered":"http:\/\/absi.ch\/new\/?p=8860"},"modified":"2017-04-08T23:47:35","modified_gmt":"2017-04-08T21:47:35","slug":"eucharistie-2-avril-2017","status":"publish","type":"post","link":"https:\/\/absi.ch\/new\/2017\/04\/eucharistie-2-avril-2017\/","title":{"rendered":"Eucharistie : 2 avril 2017"},"content":{"rendered":"<p>[layout][layout_group][one_fourth]<\/p>\n<h3 align=\"CENTER\">\u00ab Celui qui met sa foi en moi, m\u00eame s\u2019il meurt, il vivra \u00bb<br \/>\n(Jn 11,25)<\/h3>\n<h3 align=\"CENTER\">_______________________________________________________________________________________________<\/h3>\n<p>Eucharistie, 2 avril 2017 : cinqui\u00e8me dimanche de Car\u00eame<\/p>\n<p><span style=\"background: yellow;\">Premi\u00e8re lecture<\/span><\/p>\n<p><i>Avec la premi\u00e8re lecture, nous sommes parmi les exil\u00e9(e)s \u00e0 Babylone. Et le d\u00e9sespoir est tr\u00e8s intense, surtout apr\u00e8s avoir re\u00e7u, en janvier 587, une nouvelle tragique\u00a0: J\u00e9rusalem et son temple d\u00e9truits par l\u2019arm\u00e9e des Babyloniens.<\/i><br \/>\n<i>C\u2019est dans ce climat de d\u00e9sespoir que le proph\u00e8te Ez\u00e9chiel prend la parole. Et il raconte une vision (vv. 1-10)\u00a0: la main et le souffle de Dieu portent le proph\u00e8te dans une vall\u00e9e. Et le proph\u00e8te voit un spectacle terrible\u00a0: le peuple n\u2019est plus que des os dess\u00e9ch\u00e9s. A cette vue, le proph\u00e8te ne peut que s\u2019adresser \u00e0 Dieu. Et Dieu, d\u2019une fa\u00e7on tr\u00e8s surprenante, demande \u00e0 son proph\u00e8te d\u2019annoncer un avenir \u00e0 ces os. Et lorsqu\u2019Ez\u00e9chiel fait cette annonce, voici un fr\u00e9missement, une esp\u00e8ce de temp\u00eate\u00a0: et les os se lient r\u00e9ciproquement, les nerfs et la peau recouvrent les os, et la chair revient. Enfin, le proph\u00e8te re\u00e7oit un autre ordre de Dieu\u00a0: il doit annoncer la venue du souffle. Le proph\u00e8te ob\u00e9it et voici l\u2019irruption du souffle, et les personnes se redressent vivantes\u00a0!<\/i><br \/>\n<i>Apr\u00e8s cette vision, il y a un commentaire (v. 11). La vision s\u2019applique au peuple, au peuple et \u00e0 sa lamentation. En effet, le peuple se d\u00e9clare sans espoir. Il dit\u00a0: \u00abNon os sont dess\u00e9ch\u00e9s, notre esp\u00e9rance a \u00e9t\u00e9 d\u00e9truite, et nous, quant \u00e0 nous,\u00a0nous sommes en miettes\u00bb.<\/i><br \/>\n<i>Mais, apr\u00e8s cette d\u00e9claration, Dieu demande au proph\u00e8te d\u2019intervenir pour annoncer l\u2019avenir que Dieu pr\u00e9pare. Ce n\u2019est pas la r\u00e9surrection des morts, mais le retour \u2013 aussi inimaginable \u2013 de l\u2019exil vers \u00ab\u00a0la terre d\u2019Isra\u00ebl\u00a0\u00bb. Mais c\u2019est surtout un retour du d\u00e9sespoir \u00e0 une nouvelle relation intime avec Yahv\u00e9h\u00a0: Isra\u00ebl deviendra \u00ab\u00a0mon peuple\u00a0\u00bb (vv. 12 et 13), un peuple vivant, un peuple qui conna\u00eet et aime Yahv\u00e9h. Et cela gr\u00e2ce au souffle, le souffle que Dieu qualifie comme \u00ab\u00a0ruhi\u00a0\u00bb, c\u2019est \u00e0-dire \u00ab\u00a0Mon souffle\u00a0\u00bb. Dieu nous l\u2019assure\u00a0: \u00ab\u00a0Je mettrai en vous mon souffle. Alors vous reconna\u00eetrez que moi, je suis Yhwh\u00bb.<\/i><br \/>\n<i>Voil\u00e0 la promesse de Dieu. Et \u00e0 cette promesse, \u00e0 cette parole nous pouvons croire. Elle va d\u00e9passer le temps de l\u2019exil et du retour de l\u2019exil. Elle va faire na\u00eetre l\u2019espoir dans <\/i><i>la<\/i><\/p>\n<p><i>[\/one_fourth][one_fourth] r\u00e9surrection. Une r\u00e9surrection rendue possible par celui qui a dit\u00a0: \u00ab\u00a0J\u2019ai parl\u00e9, et je fais\u00a0\u00bb.<\/i><\/p>\n<p>&nbsp;<\/p>\n<p><b>Lecture du livre <b>du proph\u00e8te Ez\u00e9chiel (37,12-14)<\/b><\/b><br \/>\n<sup>12<\/sup> Parle en proph\u00e8te, Ez\u00e9chiel, et aux Isra\u00e9lites tu diras\u00a0: \u00ab\u00a0Ainsi parle Yhwh le Seigneur\u00a0: Voici, moi, je vais ouvrir vos tombes et je vous ferai remonter hors de vos tombes, \u00f4 mon peuple, et je vous ferai revenir sur la terre d\u2019Isra\u00ebl. <sup>13<\/sup> Et vous reconna\u00eetrez que moi, je suis Yhwh, quand j\u2019ouvrirai vos tombes et je vous ferai remonter hors de vos tombes, \u00f4 mon peuple ! <sup>14<\/sup> Je mettrai en vous mon souffle, et vous serez vivants. Je vous installerai sur votre terre. Alors vous reconna\u00eetrez que moi, je suis Yhwh. J\u2019ai parl\u00e9, et je fais. D\u00e9claration de Yhwh.<\/p>\n<p><b>Parole du Seigneur.<\/b><\/p>\n<p>&nbsp;<\/p>\n<p><span style=\"background: yellow;\">Psaume<\/span><\/p>\n<p><i>Le psaume 130 a \u00e9t\u00e9 compos\u00e9 apr\u00e8s le retour de l\u2019exil \u00e0 Babylone et, plus pr\u00e9cis\u00e9ment, vers les ann\u00e9es 450-400. Nous sommes aux temps d\u2019Esdras et de N\u00e9h\u00e9mie, lorsqu\u2019on a reconstruit les murs et les portes de J\u00e9rusalem et on a voulu s\u2019engager pour une soci\u00e9t\u00e9 plus juste, une soci\u00e9t\u00e9 capable de reconna\u00eetre son infid\u00e9lit\u00e9 \u00e0 Dieu. On peut penser, en particulier, \u00e0 N\u00e9h\u00e9mie qui, au chapitre 9, pr\u00e9sente la liturgie dans laquelle le peuple reconna\u00eet ses fautes devant Dieu. Quant au po\u00e8te du psaume, il est tr\u00e8s conscient de ses fautes et de son incapacit\u00e9 \u00e0 en sortir\u00a0; mais il est aussi tr\u00e8s conscient de la g\u00e9n\u00e9rosit\u00e9 de Dieu. Voil\u00e0 d\u2019o\u00f9 na\u00eet, tr\u00e8s solide, son espoir. <\/i>[&#8230;]<\/p>\n<p><a href=\"http:\/\/absi.ch\/new\/wp-content\/uploads\/2017\/04\/2-avril-2017-Renzo.pdf\" target=\"_blank\"><em>&gt; testo integrale (pdf)<\/em><\/a><\/p>\n<p><a href=\"http:\/\/absi.ch\/new\/lectures-pour-lafrique-ettoute-la-terre-2017\/\"><em>&gt; Lectures pure l&#8217;Afrique &#8230; et toute la Terre 2017<\/em><\/a><\/p>\n<p>[\/one_fourth][one_fourth][\/one_fourth][\/layout_group][\/layout]<\/p>\n<div id=\"themify_builder_content-8860\" data-postid=\"8860\" class=\"themify_builder_content themify_builder_content-8860 themify_builder\">\n    <\/div>\n<!-- \/themify_builder_content -->\n","protected":false},"excerpt":{"rendered":"<p>[layout][layout_group][one_fourth] \u00ab Celui qui met sa foi en moi, m\u00eame s\u2019il meurt, il vivra \u00bb (Jn 11,25) _______________________________________________________________________________________________ Eucharistie, 2 avril 2017 : cinqui\u00e8me dimanche de Car\u00eame Premi\u00e8re lecture Avec la premi\u00e8re lecture, nous sommes parmi les exil\u00e9(e)s \u00e0 Babylone. Et le d\u00e9sespoir est tr\u00e8s intense, surtout apr\u00e8s avoir re\u00e7u, en janvier 587, une nouvelle [&hellip;]<\/p>\n","protected":false},"author":1,"featured_media":364,"comment_status":"closed","ping_status":"open","sticky":false,"template":"","format":"standard","meta":{"footnotes":""},"categories":[40],"tags":[42],"class_list":["post-8860","post","type-post","status-publish","format-standard","has-post-thumbnail","hentry","category-rpe","tag-rp","has-post-title","no-post-date","has-post-category","has-post-tag","has-post-comment","has-post-author",""],"builder_content":"","_links":{"self":[{"href":"https:\/\/absi.ch\/new\/wp-json\/wp\/v2\/posts\/8860","targetHints":{"allow":["GET"]}}],"collection":[{"href":"https:\/\/absi.ch\/new\/wp-json\/wp\/v2\/posts"}],"about":[{"href":"https:\/\/absi.ch\/new\/wp-json\/wp\/v2\/types\/post"}],"author":[{"embeddable":true,"href":"https:\/\/absi.ch\/new\/wp-json\/wp\/v2\/users\/1"}],"replies":[{"embeddable":true,"href":"https:\/\/absi.ch\/new\/wp-json\/wp\/v2\/comments?post=8860"}],"version-history":[{"count":8,"href":"https:\/\/absi.ch\/new\/wp-json\/wp\/v2\/posts\/8860\/revisions"}],"predecessor-version":[{"id":8871,"href":"https:\/\/absi.ch\/new\/wp-json\/wp\/v2\/posts\/8860\/revisions\/8871"}],"wp:featuredmedia":[{"embeddable":true,"href":"https:\/\/absi.ch\/new\/wp-json\/wp\/v2\/media\/364"}],"wp:attachment":[{"href":"https:\/\/absi.ch\/new\/wp-json\/wp\/v2\/media?parent=8860"}],"wp:term":[{"taxonomy":"category","embeddable":true,"href":"https:\/\/absi.ch\/new\/wp-json\/wp\/v2\/categories?post=8860"},{"taxonomy":"post_tag","embeddable":true,"href":"https:\/\/absi.ch\/new\/wp-json\/wp\/v2\/tags?post=8860"}],"curies":[{"name":"wp","href":"https:\/\/api.w.org\/{rel}","templated":true}]}}