{"id":9099,"date":"2017-04-23T02:16:52","date_gmt":"2017-04-23T00:16:52","guid":{"rendered":"http:\/\/absi.ch\/new\/?p=9099"},"modified":"2017-04-23T02:18:23","modified_gmt":"2017-04-23T00:18:23","slug":"eucharistie-23-avril-2017","status":"publish","type":"post","link":"https:\/\/absi.ch\/new\/2017\/04\/eucharistie-23-avril-2017\/","title":{"rendered":"Eucharistie, 23 avril 2017"},"content":{"rendered":"<p>[layout][layout_group][one_fourth]<\/p>\n<h3 align=\"CENTER\">\u00ab J\u00e9sus, vous ne l\u2019avez pas vu, et pourtant vous l\u2019aimez \u00bb<br \/>\n(1 Pi 1,8)<\/h3>\n<h3 align=\"CENTER\">_______________________________________________________________________________________________<\/h3>\n<p>Eucharistie, 23 avril 2017<\/p>\n<p><span style=\"background: yellow;\">Premi\u00e8re lecture<\/span><\/p>\n<p><i>Au chapitre 2 des Actes des ap\u00f4tres, Luc nous pr\u00e9sente la venue de l\u2019Esprit Saint sur la communaut\u00e9 et le discours que Pierre adresse aux personnes boulevers\u00e9es par l\u2019irruption de l\u2019Esprit. Gr\u00e2ce \u00e0 ce discours, \u00ab\u00a0environs trois mille personnes accueillent la parole et re\u00e7oivent le bapt\u00eame\u00a0\u00bb (v. 41) et s\u2019unissent \u00e0 la communaut\u00e9 des ap\u00f4tres. En poursuivant sa narration, Luc nous pr\u00e9sente un regard global sur la vie de la premi\u00e8re communaut\u00e9 chr\u00e9tienne.<\/i><br \/>\n<i>En ouvrant cette page, au verset 42 Luc nous donne quatre \u00e9l\u00e9ments fondamentaux\u00a0: <\/i><br \/>\n<i>* d\u2019abord l\u2019enseignement donn\u00e9 par les ap\u00f4tres, un enseignement que les croyants sont assidus \u00e0 accueillir. Et cet enseignement est une proclamation\u00a0: les ap\u00f4tres proclament J\u00e9sus comme l\u2019Envoy\u00e9 de Dieu, conform\u00e9ment aux Ecritures.<\/i><br \/>\n<i>* De cet enseignement na\u00eet la vie commune dans la communaut\u00e9\u00a0: on vit \u00ab\u00a0comme des fr\u00e8res et des s\u0153urs\u00a0\u00bb. C\u2019est une vie dans laquelle on partage les biens mat\u00e9riels et aussi la dimension spirituelle, parce que toutes et tous participent au m\u00eame salut.<\/i><br \/>\n<i>* Cette vie commune et communautaire trouve sa nourriture dans \u00ab\u00a0la fraction du pain\u00a0\u00bb, le repas dans lequel on fait m\u00e9moire du dernier repas de J\u00e9sus \u00e0 la veille de sa passion.<\/i><br \/>\n<i>* A c\u00f4te de ce repas, Luc mentionne aussi les pri\u00e8res. Voil\u00e0 un bref regard sur la vie de la premi\u00e8re communaut\u00e9 chr\u00e9tienne \u00e0 J\u00e9rusalem.<\/i><br \/>\n<i>Dans la partie suivante de sa narration, Luc revient sur ces quatre \u00e9l\u00e9ments en donnant des informations plus d\u00e9taill\u00e9es. En parlant des ap\u00f4tres, Luc souligne que leur enseignement n\u2019est pas seulement un ensemble de mots. Au contraire, \u00e0 travers les paroles des ap\u00f4tres, c\u2019est Dieu lui-m\u00eame qui accomplit \u00ab\u00a0beaucoup de prodiges et de miracles\u00a0\u00bb (v. 43), et les gens en sont frapp\u00e9s.<\/i><br \/>\n<i>A propos de la vie communautaire, Luc montre qu\u2019elle se r\u00e9alise tr\u00e8s concr\u00e8tement\u00a0: les croyants \u00ab\u00a0vendaient leurs biens\u00a0; l\u2019argent ainsi obtenu, ils le partageaient entre tous, en fonction des besoins de chacun\u00a0\u00bb (v. 45). <\/i><\/p>\n<p><i>[\/one_fourth][one_fourth]<\/i><i>Quant \u00e0 la fraction du pain, elle a lieu dans un contexte familial. On c\u00e9l\u00e8bre donc l\u2019eucharistie \u00ab\u00a0dans les maisons\u00a0\u00bb (v. 46), \u00e0 l\u2019int\u00e9rieur d\u2019un repas communautaire en toute simplicit\u00e9.<\/i><br \/>\n<i>Enfin, pour ce qui en est de la pri\u00e8re, \u00e0 J\u00e9rusalem les chr\u00e9tiens vont au temple avec les Juifs. L\u2019attachement au temple nous montre que ces chr\u00e9tiens sont conscients de leurs origines\u00a0: ils ont grandi dans la foi juive, et en elle ils ont d\u00e9couvert les promesses de Dieu, promesses qui se sont r\u00e9alis\u00e9es dans J\u00e9sus. Et dans leur comportement, les chr\u00e9tiens ont \u00ab\u00a0la faveur du peuple\u00a0\u00bb (v. 47). Donc, les diff\u00e9rences au niveau de la foi sont respect\u00e9es, profond\u00e9ment\u00a0: la pri\u00e8re au temple, avec les Juifs, l\u2019eucharistie dans les maisons. Et c\u2019est dans ce climat de fraternit\u00e9 et de dialogue que, \u00ab\u00a0chaque jour, le Seigneur ajoutait \u00e0 la communaut\u00e9 celles et ceux qu\u2019il amenait au salut\u00a0\u00bb.<\/i><\/p>\n<p><b>Lecture <b>des Actes des ap\u00f4tres (2,42-47)<\/b><\/b><\/p>\n<p><sup>42<\/sup> Les croyants \u00e9taient assidus \u00e0 l\u2019enseignement des ap\u00f4tres, ils vivaient comme des fr\u00e8res et des s\u0153urs, ils prenaient part \u00e0 la fraction du pain et ils priaient ensemble.<i> <\/i><br \/>\n<sup>43<\/sup> Dieu accomplissait beaucoup de prodiges et de miracles par l\u2019interm\u00e9diaire des ap\u00f4tres, et les gens \u00e9taient frapp\u00e9s de cela.<br \/>\n<sup>44<\/sup> Tous les croyants vivaient ensemble, et ils mettaient en commun tout ce qu\u2019ils avaient. <sup>45<\/sup> ils vendaient leurs biens et leurs possessions ; l\u2019argent ainsi obtenu, ils le partageaient entre tous, en fonction des besoins de chacun.<br \/>\n<sup>46<\/sup> Chaque jour, ils \u00e9taient assidus au temple, d\u2019un commun accord\u00a0; ils rompaient le pain dans les maisons et ils prenaient leurs repas avec all\u00e9gresse et simplicit\u00e9 de c\u0153ur ; <sup>47<\/sup> ils louaient Dieu et ils avaient la faveur de tout le peuple. Et chaque jour, le Seigneur ajoutait \u00e0 la communaut\u00e9 celles et ceux qu\u2019il amenait au salut.<\/p>\n<p><b>Parole du Seigneur.<\/b><\/p>\n<p>[&#8230;]<\/p>\n<p><a href=\"http:\/\/absi.ch\/new\/wp-content\/uploads\/2017\/04\/23-avril-2017-Renzo.pdf\" target=\"_blank\"><em>&gt; testo integrale (pdf)<\/em><\/a><\/p>\n<p><a href=\"http:\/\/absi.ch\/new\/lectures-pour-lafrique-ettoute-la-terre-2017\/\"><em>&gt; Lectures pure l&#8217;Afrique &#8230; et toute la Terre 2017<\/em><\/a><\/p>\n<p>[\/one_fourth][one_fourth][\/one_fourth][\/layout_group][\/layout]<\/p>\n<div id=\"themify_builder_content-9099\" data-postid=\"9099\" class=\"themify_builder_content themify_builder_content-9099 themify_builder\">\n    <\/div>\n<!-- \/themify_builder_content -->\n","protected":false},"excerpt":{"rendered":"<p>[layout][layout_group][one_fourth] \u00ab J\u00e9sus, vous ne l\u2019avez pas vu, et pourtant vous l\u2019aimez \u00bb (1 Pi 1,8) _______________________________________________________________________________________________ Eucharistie, 23 avril 2017 Premi\u00e8re lecture Au chapitre 2 des Actes des ap\u00f4tres, Luc nous pr\u00e9sente la venue de l\u2019Esprit Saint sur la communaut\u00e9 et le discours que Pierre adresse aux personnes boulevers\u00e9es par l\u2019irruption de l\u2019Esprit. Gr\u00e2ce [&hellip;]<\/p>\n","protected":false},"author":1,"featured_media":364,"comment_status":"closed","ping_status":"open","sticky":false,"template":"","format":"standard","meta":{"footnotes":""},"categories":[40],"tags":[42],"class_list":["post-9099","post","type-post","status-publish","format-standard","has-post-thumbnail","hentry","category-rpe","tag-rp","has-post-title","no-post-date","has-post-category","has-post-tag","has-post-comment","has-post-author",""],"builder_content":"","_links":{"self":[{"href":"https:\/\/absi.ch\/new\/wp-json\/wp\/v2\/posts\/9099","targetHints":{"allow":["GET"]}}],"collection":[{"href":"https:\/\/absi.ch\/new\/wp-json\/wp\/v2\/posts"}],"about":[{"href":"https:\/\/absi.ch\/new\/wp-json\/wp\/v2\/types\/post"}],"author":[{"embeddable":true,"href":"https:\/\/absi.ch\/new\/wp-json\/wp\/v2\/users\/1"}],"replies":[{"embeddable":true,"href":"https:\/\/absi.ch\/new\/wp-json\/wp\/v2\/comments?post=9099"}],"version-history":[{"count":8,"href":"https:\/\/absi.ch\/new\/wp-json\/wp\/v2\/posts\/9099\/revisions"}],"predecessor-version":[{"id":9108,"href":"https:\/\/absi.ch\/new\/wp-json\/wp\/v2\/posts\/9099\/revisions\/9108"}],"wp:featuredmedia":[{"embeddable":true,"href":"https:\/\/absi.ch\/new\/wp-json\/wp\/v2\/media\/364"}],"wp:attachment":[{"href":"https:\/\/absi.ch\/new\/wp-json\/wp\/v2\/media?parent=9099"}],"wp:term":[{"taxonomy":"category","embeddable":true,"href":"https:\/\/absi.ch\/new\/wp-json\/wp\/v2\/categories?post=9099"},{"taxonomy":"post_tag","embeddable":true,"href":"https:\/\/absi.ch\/new\/wp-json\/wp\/v2\/tags?post=9099"}],"curies":[{"name":"wp","href":"https:\/\/api.w.org\/{rel}","templated":true}]}}