{"id":9215,"date":"2017-05-14T02:08:32","date_gmt":"2017-05-14T00:08:32","guid":{"rendered":"http:\/\/absi.ch\/new\/?p=9215"},"modified":"2017-05-14T02:08:32","modified_gmt":"2017-05-14T00:08:32","slug":"v-domenica-di-pasqua-14-maggio-2017","status":"publish","type":"post","link":"https:\/\/absi.ch\/new\/2017\/05\/v-domenica-di-pasqua-14-maggio-2017\/","title":{"rendered":"V DOMENICA DI PASQUA &#8211; 14 maggio 2017"},"content":{"rendered":"<p>[layout][layout_group][one_fourth]<\/p>\n<h3 style=\"text-align: center;\">IO SONO LA VIA, LA VERITA\u2019 E LA VITA<\/h3>\n<p style=\"text-align: center;\">&#8212;&#8212;&#8212;&#8212;&#8212;&#8212;&#8212;&#8212;&#8212;&#8212;&#8212;&#8212;&#8212;&#8212;&#8212;&#8212;&#8212;&#8212;&#8212;&#8212;&#8212;&#8212;&#8212;&#8212;&#8212;&#8212;&#8212;&#8212;&#8212;&#8212;&#8212;&#8212;&#8212;&#8212;&#8212;&#8212;&#8212;&#8212;&#8211;<\/p>\n<p style=\"text-align: center;\"><a href=\"http:\/\/absi.ch\/new\/wp-content\/uploads\/2017\/05\/chora-kirche-byzans-jesus.jpg\"><img loading=\"lazy\" decoding=\"async\" class=\" wp-image-9217 aligncenter\" alt=\"chora-kirche-byzans-jesus\" src=\"http:\/\/absi.ch\/new\/wp-content\/uploads\/2017\/05\/chora-kirche-byzans-jesus.jpg\" width=\"664\" height=\"442\" srcset=\"https:\/\/absi.ch\/new\/wp-content\/uploads\/2017\/05\/chora-kirche-byzans-jesus.jpg 1106w, https:\/\/absi.ch\/new\/wp-content\/uploads\/2017\/05\/chora-kirche-byzans-jesus-300x199.jpg 300w\" sizes=\"auto, (max-width: 664px) 100vw, 664px\" \/><\/a><\/p>\n<h5 style=\"text-align: center;\">Cristo pantocratore<\/h5>\n<p style=\"text-align: center;\"><em>Chiesa San Salvatore in Chora, Instanbul<br \/>\n<\/em><\/p>\n<p>&nbsp;<\/p>\n<p>[\/one_fourth][one_fourth]<\/p>\n<p>V DOMENICA DI PASQUA &#8211; 14 maggio 2017<\/p>\n<p>Gv 14, 1-12<\/p>\n<p>[In quel tempo Ges\u00f9 disse ai suoi discepoli:] \u00abNon sia turbato il vostro cuore. Abbiate fede in Dio e abbiate fede anche in me. Nella casa del Padre mio vi sono molte dimore. Se no, vi avrei mai detto: \u201cVado a prepararvi un posto\u201d? Quando sar\u00f2 andato e vi avr\u00f2 preparato un posto, verr\u00f2 di nuovo e vi prender\u00f2 con me, perch\u00e9 dove sono io siate anche voi. E del luogo dove io vado, conoscete la via\u00bb.<\/p>\n<p>Gli disse Tommaso: \u00abSignore, non sappiamo dove vai; come possiamo conoscere la via?\u00bb. Gli disse Ges\u00f9: \u00abIo sono la via, la verit\u00e0 e la vita. Nessuno viene al Padre se non per mezzo di me. Se avete conosciuto me, conoscerete anche il Padre mio: fin da ora lo conoscete e lo avete veduto\u00bb.<\/p>\n<p>Gli disse Filippo: \u00abSignore, mostraci il Padre e ci basta\u00bb. Gli rispose Ges\u00f9: \u00abDa tanto tempo sono con voi e tu non mi hai conosciuto, Filippo? Chi ha visto me, ha visto il Padre. Come puoi tu dire: \u201cMostraci il Padre\u201d? Non credi che io sono nel Padre e il Padre \u00e8 in me? Le parole che io vi dico, non le dico da me stesso; ma il Padre, che rimane in me, compie le sue opere.<\/p>\n<p>Credete a me: io sono nel Padre e il Padre \u00e8 in me. Se non altro, credetelo per le opere stesse.<br \/>\nIn verit\u00e0, in verit\u00e0 io vi dico: chi crede in me, anch\u2019egli compir\u00e0 le opere che io compio e ne compir\u00e0 di pi\u00f9 grandi di queste, perch\u00e9 io vado al Padre\u00bb.<\/p>\n<p>&nbsp;<\/p>\n<p><em>Commento al Vangelo (pdf) di:<\/em><\/p>\n<p><a href=\"http:\/\/absi.ch\/new\/wp-content\/uploads\/2017\/05\/V-DOMENICA-DI-PASQUA_Anno-A-2016-2017_Castillo.doc\" target=\"_blank\">&gt; p. Jos\u00e9 Maria Castillo<\/a><\/p>\n<p><a href=\"http:\/\/absi.ch\/new\/wp-content\/uploads\/2017\/05\/V-Pasqua-14.5.2017.doc\" target=\"_blank\">&gt; p. Alberto Maggi<\/a><\/p>\n<p>&nbsp;<\/p>\n<p><a href=\"http:\/\/absi.ch\/new\/commento-al-vangelo-2017\/\"><em>&gt; sommario Commento al Vangelo 2017<\/em><\/a><\/p>\n<p>[\/one_fourth][one_fourth][\/one_fourth][one_fourth][\/one_fourth][\/layout_group][\/layout]<\/p>\n<div id=\"themify_builder_content-9215\" data-postid=\"9215\" class=\"themify_builder_content themify_builder_content-9215 themify_builder\">\n    <\/div>\n<!-- \/themify_builder_content -->\n","protected":false},"excerpt":{"rendered":"<p>[layout][layout_group][one_fourth] IO SONO LA VIA, LA VERITA\u2019 E LA VITA &#8212;&#8212;&#8212;&#8212;&#8212;&#8212;&#8212;&#8212;&#8212;&#8212;&#8212;&#8212;&#8212;&#8212;&#8212;&#8212;&#8212;&#8212;&#8212;&#8212;&#8212;&#8212;&#8212;&#8212;&#8212;&#8212;&#8212;&#8212;&#8212;&#8212;&#8212;&#8212;&#8212;&#8212;&#8212;&#8212;&#8212;&#8212;&#8211; Cristo pantocratore Chiesa San Salvatore in Chora, Instanbul &nbsp; [\/one_fourth][one_fourth] V DOMENICA DI PASQUA &#8211; 14 maggio 2017 Gv 14, 1-12 [In quel tempo Ges\u00f9 disse ai suoi discepoli:] \u00abNon sia turbato il vostro cuore. Abbiate fede in Dio e abbiate fede anche in [&hellip;]<\/p>\n","protected":false},"author":1,"featured_media":349,"comment_status":"closed","ping_status":"open","sticky":false,"template":"","format":"standard","meta":{"footnotes":""},"categories":[29,111],"tags":[30,73],"class_list":["post-9215","post","type-post","status-publish","format-standard","has-post-thumbnail","hentry","category-vangelo","category-commento-al-vangelo-2017","tag-p-alberto-maggi","tag-p-jose-maria-castillo","has-post-title","no-post-date","has-post-category","has-post-tag","has-post-comment","has-post-author",""],"builder_content":"","_links":{"self":[{"href":"https:\/\/absi.ch\/new\/wp-json\/wp\/v2\/posts\/9215","targetHints":{"allow":["GET"]}}],"collection":[{"href":"https:\/\/absi.ch\/new\/wp-json\/wp\/v2\/posts"}],"about":[{"href":"https:\/\/absi.ch\/new\/wp-json\/wp\/v2\/types\/post"}],"author":[{"embeddable":true,"href":"https:\/\/absi.ch\/new\/wp-json\/wp\/v2\/users\/1"}],"replies":[{"embeddable":true,"href":"https:\/\/absi.ch\/new\/wp-json\/wp\/v2\/comments?post=9215"}],"version-history":[{"count":2,"href":"https:\/\/absi.ch\/new\/wp-json\/wp\/v2\/posts\/9215\/revisions"}],"predecessor-version":[{"id":9249,"href":"https:\/\/absi.ch\/new\/wp-json\/wp\/v2\/posts\/9215\/revisions\/9249"}],"wp:featuredmedia":[{"embeddable":true,"href":"https:\/\/absi.ch\/new\/wp-json\/wp\/v2\/media\/349"}],"wp:attachment":[{"href":"https:\/\/absi.ch\/new\/wp-json\/wp\/v2\/media?parent=9215"}],"wp:term":[{"taxonomy":"category","embeddable":true,"href":"https:\/\/absi.ch\/new\/wp-json\/wp\/v2\/categories?post=9215"},{"taxonomy":"post_tag","embeddable":true,"href":"https:\/\/absi.ch\/new\/wp-json\/wp\/v2\/tags?post=9215"}],"curies":[{"name":"wp","href":"https:\/\/api.w.org\/{rel}","templated":true}]}}